{"id":6309,"date":"2022-12-18T21:08:00","date_gmt":"2022-12-19T02:08:00","guid":{"rendered":"https:\/\/awakeningtouch.ca\/?p=6309"},"modified":"2022-12-20T08:55:33","modified_gmt":"2022-12-20T13:55:33","slug":"yule-solstice-d-hiver","status":"publish","type":"post","link":"https:\/\/awakeningtouch.ca\/fr\/yule-solstice-d-hiver\/","title":{"rendered":"C\u00e9l\u00e9brer Yule, le Solstice d&rsquo;hiver"},"content":{"rendered":"<p>[et_pb_section fb_built=\u00a0\u00bb1&Prime; _builder_version=\u00a0\u00bb4.16&Prime; _module_preset=\u00a0\u00bbdefault\u00a0\u00bb custom_margin=\u00a0\u00bb0px||||false|false\u00a0\u00bb custom_padding=\u00a0\u00bb0px||||false|false\u00a0\u00bb saved_tabs=\u00a0\u00bball\u00a0\u00bb global_colors_info=\u00a0\u00bb{}\u00a0\u00bb][et_pb_row _builder_version=\u00a0\u00bb4.16&Prime; _module_preset=\u00a0\u00bbdefault\u00a0\u00bb custom_margin=\u00a0\u00bb0px||||false|false\u00a0\u00bb custom_padding=\u00a0\u00bb0px||||false|false\u00a0\u00bb global_colors_info=\u00a0\u00bb{}\u00a0\u00bb][et_pb_column type=\u00a0\u00bb4_4&Prime; _builder_version=\u00a0\u00bb4.16&Prime; _module_preset=\u00a0\u00bbdefault\u00a0\u00bb global_colors_info=\u00a0\u00bb{}\u00a0\u00bb][et_pb_post_title author=\u00a0\u00bboff\u00a0\u00bb categories=\u00a0\u00bboff\u00a0\u00bb _builder_version=\u00a0\u00bb4.16&Prime; _module_preset=\u00a0\u00bbdefault\u00a0\u00bb global_colors_info=\u00a0\u00bb{}\u00a0\u00bb][\/et_pb_post_title][et_pb_text admin_label=\u00a0\u00bbIntroduction\u00a0\u00bb _builder_version=\u00a0\u00bb4.19.4&Prime; _module_preset=\u00a0\u00bbdefault\u00a0\u00bb text_font=\u00a0\u00bb||||||||\u00a0\u00bb header_4_font=\u00a0\u00bbPoppins||on||||||\u00a0\u00bb header_4_font_size=\u00a0\u00bb17px\u00a0\u00bb header_4_line_height=\u00a0\u00bb1.8em\u00a0\u00bb header_5_font=\u00a0\u00bbPoppins|700|||||||\u00a0\u00bb header_5_font_size=\u00a0\u00bb17px\u00a0\u00bb header_5_line_height=\u00a0\u00bb2.1em\u00a0\u00bb custom_padding=\u00a0\u00bb20px||0px||false|false\u00a0\u00bb text_font_size_tablet=\u00a0\u00bb\u00a0\u00bb text_font_size_phone=\u00a0\u00bb\u00a0\u00bb text_font_size_last_edited=\u00a0\u00bbon|desktop\u00a0\u00bb header_4_font_size_tablet=\u00a0\u00bb17px\u00a0\u00bb header_4_font_size_phone=\u00a0\u00bb17px\u00a0\u00bb header_4_font_size_last_edited=\u00a0\u00bbon|desktop\u00a0\u00bb saved_tabs=\u00a0\u00bball\u00a0\u00bb global_colors_info=\u00a0\u00bb{}\u00a0\u00bb]<strong>Yule est une f\u00eate hivernale traditionnelle qui trouve ses racines dans les traditions pa\u00efennes des peuples germaniques, celles d&rsquo;Europe du Nord et des pa\u00efens modernes. Elle est marqu\u00e9e par le Solstice d&rsquo;hiver, la nuit la plus longue de l&rsquo;ann\u00e9e. La fa\u00e7on dont elle est c\u00e9l\u00e9br\u00e9e peut varier selon la tradition, mais il s&rsquo;agit essentiellement d&rsquo;une c\u00e9l\u00e9bration de la victoire sur l&rsquo;obscurit\u00e9 et du retour \u00e0 la lumi\u00e8re. Dans les anciennes coutumes, les gens se r\u00e9unissaient pour offrir de la nourriture aux divinit\u00e9s et poursuivaient avec\u00a0un grand festin. Alors qu&rsquo;ils se pr\u00e9paraient pour entrer dans un nouveau cycle, des rituels\u00a0\u00e9taient\u00a0pratiqu\u00e9s pour demander des b\u00e9n\u00e9dictions. Traditionnellement, il s&rsquo;agit d&rsquo;une c\u00e9l\u00e9bration de 13 jours, honorant les \u00e9l\u00e9ments, qui commence avec l&rsquo;\u00e9l\u00e9ment du feu qui c\u00e9l\u00e8bre le retour de la lumi\u00e8re du soleil.\u00a0\u00a0<\/strong><br \/>\n[\/et_pb_text][et_pb_text _builder_version=\u00a0\u00bb4.19.4&Prime; _module_preset=\u00a0\u00bbdefault\u00a0\u00bb text_font=\u00a0\u00bb||||||||\u00a0\u00bb header_4_font=\u00a0\u00bbPoppins||on||||||\u00a0\u00bb header_4_font_size=\u00a0\u00bb17px\u00a0\u00bb header_4_line_height=\u00a0\u00bb1.8em\u00a0\u00bb header_5_font=\u00a0\u00bbPoppins|700|||||||\u00a0\u00bb header_5_font_size=\u00a0\u00bb17px\u00a0\u00bb header_5_line_height=\u00a0\u00bb2.1em\u00a0\u00bb custom_padding=\u00a0\u00bb20px||0px||false|false\u00a0\u00bb hover_enabled=\u00a0\u00bb0&Prime; text_font_size_tablet=\u00a0\u00bb\u00a0\u00bb text_font_size_phone=\u00a0\u00bb\u00a0\u00bb text_font_size_last_edited=\u00a0\u00bbon|desktop\u00a0\u00bb header_4_font_size_tablet=\u00a0\u00bb17px\u00a0\u00bb header_4_font_size_phone=\u00a0\u00bb17px\u00a0\u00bb header_4_font_size_last_edited=\u00a0\u00bbon|desktop\u00a0\u00bb saved_tabs=\u00a0\u00bball\u00a0\u00bb global_colors_info=\u00a0\u00bb{}\u00a0\u00bb sticky_enabled=\u00a0\u00bb0&Prime;]<\/p>\n<h2>Cette p\u00e9riode est celle des r\u00eaves<\/h2>\n<div>\u00a0<\/div>\n<div>Dans l&rsquo;enseignement des\u00a0<a href=\"https:\/\/awakeningtouch.ca\/fr\/sagesses-des-saisons\/\">sagesses des saisons<\/a>, le Solstice d&rsquo;hiver est le point culminant de la saison hivernale. Nous sommes appel\u00e9s \u00e0 voyager \u00e0 l&rsquo;int\u00e9rieur de nous-m\u00eames, \u00e0 nous connecter \u00e0 nos racines et \u00e0 nous asseoir avec nos anc\u00eatres pour nous rappeler qui nous sommes.<\/div>\n<div>\u00a0<\/div>\n<div>\u00a0<\/div>\n<div>Cette ann\u00e9e, nous sommes \u00e9galement b\u00e9nis par la nouvelle lune, qui tombe le 23 d\u00e9cembre, renfor\u00e7ant la pr\u00e9sence de l&rsquo;\u00e9nergie de l&rsquo;obscurit\u00e9, offrant une rare opportunit\u00e9 d&rsquo;\u00eatre berc\u00e9 par le silence sombre pour percevoir v\u00e9ritablement notre lumi\u00e8re la plus pr\u00e9cieuse, l&rsquo;\u00e9tincelle que nous d\u00e9tenons en nous \u2013 l&rsquo;\u00e9tincelle des opportunit\u00e9s illimit\u00e9es.<\/div>\n<div>\u00a0<\/div>\n<div>\u00a0<\/div>\n<div>Les arch\u00e9types de l&rsquo;ermite et de la sage nous permettront de d\u00e9couvrir l&rsquo;enseignement qui r\u00e9side dans cette p\u00e9riode magique de l&rsquo;ann\u00e9e. Nous sommes invit\u00e9s \u00e0 cr\u00e9er des moments de v\u00e9ritable silence et d&rsquo;immobilit\u00e9. C&rsquo;est dans ces moments que nous entrevoyons notre connaissance la plus profonde.<\/div>\n<div>\u00a0<\/div>\n<div>\u00a0<\/div>\n<div>Cette sagesse int\u00e9rieure renferme la sagesse de nos anc\u00eatres ainsi que la sagesse acquise au cours du voyage de notre vie. Ainsi, chaque ann\u00e9e, lorsque nous r\u00e9p\u00e9tons ce processus, les exp\u00e9riences de l&rsquo;ann\u00e9e pr\u00e9c\u00e9dente se joignent \u00e0 la sagesse de nos anc\u00eatres et au don de notre \u00e2me, pour donner naissance \u00e0 la beaut\u00e9 et \u00e0 la lumi\u00e8re qui nous porteront dans notre nouveau cycle.<\/div>\n<p>[\/et_pb_text][et_pb_text admin_label=\u00a0\u00bbCitation\u00a0\u00bb _builder_version=\u00a0\u00bb4.19.4&Prime; _module_preset=\u00a0\u00bbdefault\u00a0\u00bb text_font=\u00a0\u00bb||||||||\u00a0\u00bb header_4_font=\u00a0\u00bbPoppins||on||||||\u00a0\u00bb header_4_font_size=\u00a0\u00bb17px\u00a0\u00bb header_4_line_height=\u00a0\u00bb1.8em\u00a0\u00bb header_5_font=\u00a0\u00bbPoppins|700|||||||\u00a0\u00bb header_5_font_size=\u00a0\u00bb17px\u00a0\u00bb header_5_line_height=\u00a0\u00bb2.1em\u00a0\u00bb custom_padding=\u00a0\u00bb20px||0px||false|false\u00a0\u00bb text_font_size_tablet=\u00a0\u00bb\u00a0\u00bb text_font_size_phone=\u00a0\u00bb\u00a0\u00bb text_font_size_last_edited=\u00a0\u00bbon|desktop\u00a0\u00bb header_4_font_size_tablet=\u00a0\u00bb17px\u00a0\u00bb header_4_font_size_phone=\u00a0\u00bb17px\u00a0\u00bb header_4_font_size_last_edited=\u00a0\u00bbon|desktop\u00a0\u00bb saved_tabs=\u00a0\u00bball\u00a0\u00bb global_colors_info=\u00a0\u00bb{}\u00a0\u00bb]<\/p>\n<blockquote><p><strong>La question est simplement la suivante : aurons-nous le courage et la patience de nous asseoir dans l&rsquo;obscurit\u00e9 et d&rsquo;\u00e9couter le message du silence ?<\/strong><\/p><\/blockquote>\n<p>[\/et_pb_text][et_pb_text _builder_version=\u00a0\u00bb4.19.4&Prime; _module_preset=\u00a0\u00bbdefault\u00a0\u00bb text_font=\u00a0\u00bb||||||||\u00a0\u00bb header_4_font=\u00a0\u00bbPoppins||on||||||\u00a0\u00bb header_4_font_size=\u00a0\u00bb17px\u00a0\u00bb header_4_line_height=\u00a0\u00bb1.8em\u00a0\u00bb header_5_font=\u00a0\u00bbPoppins|700|||||||\u00a0\u00bb header_5_font_size=\u00a0\u00bb17px\u00a0\u00bb header_5_line_height=\u00a0\u00bb2.1em\u00a0\u00bb custom_padding=\u00a0\u00bb20px||0px||false|false\u00a0\u00bb text_font_size_tablet=\u00a0\u00bb\u00a0\u00bb text_font_size_phone=\u00a0\u00bb\u00a0\u00bb text_font_size_last_edited=\u00a0\u00bbon|desktop\u00a0\u00bb header_4_font_size_tablet=\u00a0\u00bb17px\u00a0\u00bb header_4_font_size_phone=\u00a0\u00bb17px\u00a0\u00bb header_4_font_size_last_edited=\u00a0\u00bbon|desktop\u00a0\u00bb saved_tabs=\u00a0\u00bball\u00a0\u00bb global_colors_info=\u00a0\u00bb{}\u00a0\u00bb]<\/p>\n<p style=\"font-weight: 400;\">Voici des inspirations pour vos pratiques pendant cette p\u00e9riode :<\/p>\n<ul>\n<li>Cr\u00e9ez du temps pour vous-m\u00eame en pr\u00e9paration du Solstice d&rsquo;hiver.<\/li>\n<li>Faites un <a href=\"https:\/\/awakeningtouch.ca\/fr\/voyage-chamanique\/\">voyage chamanique<\/a>\u00a0avec les ma\u00eetres, la sage et\/ou l&rsquo;ermite. Demandez \u00e0 \u00eatre amen\u00e9 \u00e0 l&rsquo;\u00e9tincelle de lumi\u00e8re de votre \u00e2me qui est pr\u00eate \u00e0 voyager avec vous dans le nouveau cycle.<\/li>\n<li>Pr\u00e9parez un rituel du Solstice d&rsquo;hiver ou rejoignez les autres dans leur c\u00e9l\u00e9bration.<\/li>\n<li>Faites une liste des questions que vous aimeriez vous poser pour pr\u00e9parer le voyage de retour vers Imbolc (2 f\u00e9vrier) qui marque le d\u00e9but du printemps dans l&rsquo;enseignement des sagesses des saisons.<\/li>\n<li>Accordez du repos \u00e0 votre corps et nourrissez votre \u00e2me.<\/li>\n<\/ul>\n<p>&nbsp;<\/p>\n<p style=\"font-weight: 400;\">Le Solstice d&rsquo;hiver est le point de d\u00e9part \u00e0 partir duquel nous nous dirigeons \u00e0 nouveau vers la croissance de la lumi\u00e8re et des jours plus longs. Il repr\u00e9sente donc la fin de notre cercle de croissance et peut inspirer les questions suivantes :<\/p>\n<ul>\n<li>Qu&rsquo;est-ce que j\u2019ai d\u00e9pass\u00e9 ?<\/li>\n<li>Qu&rsquo;est-ce que je suis pr\u00eat(e) \u00e0 laisser derri\u00e8re moi pour faire de la place au nouveau ?<\/li>\n<\/ul>\n<p>&nbsp;<\/p>\n<p style=\"font-weight: 400;\">En nous dirigeant vers la lumi\u00e8re et un nouveau cycle de croissance, nous nous rappelons que l&rsquo;avenir rec\u00e8le de possibilit\u00e9s infinies. L&rsquo;enseignement de l&rsquo;hiver nous encourage \u00e0 r\u00eaver le r\u00eave de notre \u00e2me, \u00e0 nous rappeler que nous portons en nous l&rsquo;\u00e9tincelle d&rsquo;opportunit\u00e9s illimit\u00e9es. Posez-vous la question :<\/p>\n<ul>\n<li>Quelles nouvelles inspirations jaillissent en moi ?<\/li>\n<li>Quelle transformation et quelle croissance aimerais-je faire na\u00eetre dans ce nouveau cycle ?<\/li>\n<\/ul>\n<p>[\/et_pb_text][et_pb_text admin_label=\u00a0\u00bbCitation\u00a0\u00bb _builder_version=\u00a0\u00bb4.19.4&Prime; _module_preset=\u00a0\u00bbdefault\u00a0\u00bb text_font=\u00a0\u00bb||||||||\u00a0\u00bb header_4_font=\u00a0\u00bbPoppins||on||||||\u00a0\u00bb header_4_font_size=\u00a0\u00bb17px\u00a0\u00bb header_4_line_height=\u00a0\u00bb1.8em\u00a0\u00bb header_5_font=\u00a0\u00bbPoppins|700|||||||\u00a0\u00bb header_5_font_size=\u00a0\u00bb17px\u00a0\u00bb header_5_line_height=\u00a0\u00bb2.1em\u00a0\u00bb custom_padding=\u00a0\u00bb20px||0px||false|false\u00a0\u00bb text_font_size_tablet=\u00a0\u00bb\u00a0\u00bb text_font_size_phone=\u00a0\u00bb\u00a0\u00bb text_font_size_last_edited=\u00a0\u00bbon|desktop\u00a0\u00bb header_4_font_size_tablet=\u00a0\u00bb17px\u00a0\u00bb header_4_font_size_phone=\u00a0\u00bb17px\u00a0\u00bb header_4_font_size_last_edited=\u00a0\u00bbon|desktop\u00a0\u00bb saved_tabs=\u00a0\u00bball\u00a0\u00bb global_colors_info=\u00a0\u00bb{}\u00a0\u00bb]<\/p>\n<blockquote>\n<p style=\"font-weight: 400;\"><strong>Cette p\u00e9riode est celle des r\u00eaves ; aucun r\u00eave n&rsquo;est trop grand. Il est temps de saisir l&rsquo;instant, de vous connecter \u00e0 votre don et \u00e0 votre pur potentiel.<\/strong><\/p>\n<\/blockquote>\n<p>[\/et_pb_text][et_pb_text _builder_version=\u00a0\u00bb4.19.4&Prime; _module_preset=\u00a0\u00bbdefault\u00a0\u00bb text_font=\u00a0\u00bb||||||||\u00a0\u00bb header_4_font=\u00a0\u00bbPoppins||on||||||\u00a0\u00bb header_4_font_size=\u00a0\u00bb17px\u00a0\u00bb header_4_line_height=\u00a0\u00bb1.8em\u00a0\u00bb header_5_font=\u00a0\u00bbPoppins|700|||||||\u00a0\u00bb header_5_font_size=\u00a0\u00bb17px\u00a0\u00bb header_5_line_height=\u00a0\u00bb2.1em\u00a0\u00bb custom_padding=\u00a0\u00bb20px||0px||false|false\u00a0\u00bb text_font_size_tablet=\u00a0\u00bb\u00a0\u00bb text_font_size_phone=\u00a0\u00bb\u00a0\u00bb text_font_size_last_edited=\u00a0\u00bbon|desktop\u00a0\u00bb header_4_font_size_tablet=\u00a0\u00bb17px\u00a0\u00bb header_4_font_size_phone=\u00a0\u00bb17px\u00a0\u00bb header_4_font_size_last_edited=\u00a0\u00bbon|desktop\u00a0\u00bb saved_tabs=\u00a0\u00bball\u00a0\u00bb global_colors_info=\u00a0\u00bb{}\u00a0\u00bb]<\/p>\n<p style=\"font-weight: 400;\">Tenez un journal ! Notez vos questions et \u00e9crivez les r\u00e9ponses qui peuvent vous venir en r\u00eave, pendant la m\u00e9ditation, en marchant dans la nature ou \u00e0 tout autre moment. Ne vous limitez pas en les jugeant ou en pensant \u00e0 des contraintes. R\u00e9coltez-les simplement. Permettez-vous de r\u00eaver !<\/p>\n<p>[\/et_pb_text][et_pb_image src=\u00a0\u00bbhttps:\/\/awakeningtouch.ca\/wp-content\/uploads\/2022\/12\/yule-winter-solstice-solstice-d-hiver-2-scaled.jpg\u00a0\u00bb title_text=\u00a0\u00bbyule-winter-solstice-solstice-d-hiver-2&Prime; _builder_version=\u00a0\u00bb4.19.4&Prime; _module_preset=\u00a0\u00bbdefault\u00a0\u00bb custom_padding=\u00a0\u00bb30px||||false|false\u00a0\u00bb global_colors_info=\u00a0\u00bb{}\u00a0\u00bb][\/et_pb_image][\/et_pb_column][\/et_pb_row][et_pb_row _builder_version=\u00a0\u00bb4.16&Prime; _module_preset=\u00a0\u00bbdefault\u00a0\u00bb custom_margin=\u00a0\u00bb0px||||false|false\u00a0\u00bb custom_padding=\u00a0\u00bb0px||||false|false\u00a0\u00bb global_colors_info=\u00a0\u00bb{}\u00a0\u00bb][et_pb_column type=\u00a0\u00bb4_4&Prime; _builder_version=\u00a0\u00bb4.16&Prime; _module_preset=\u00a0\u00bbdefault\u00a0\u00bb global_colors_info=\u00a0\u00bb{}\u00a0\u00bb][et_pb_text admin_label=\u00a0\u00bbConclusion\u00a0\u00bb _builder_version=\u00a0\u00bb4.19.4&Prime; _module_preset=\u00a0\u00bbdefault\u00a0\u00bb text_font=\u00a0\u00bb||||||||\u00a0\u00bb header_4_font=\u00a0\u00bbPoppins||on||||||\u00a0\u00bb header_4_font_size=\u00a0\u00bb17px\u00a0\u00bb header_4_line_height=\u00a0\u00bb1.8em\u00a0\u00bb header_5_font=\u00a0\u00bbPoppins|700|||||||\u00a0\u00bb header_5_font_size=\u00a0\u00bb17px\u00a0\u00bb header_5_line_height=\u00a0\u00bb2.1em\u00a0\u00bb custom_padding=\u00a0\u00bb40px||0px||false|false\u00a0\u00bb text_font_size_tablet=\u00a0\u00bb\u00a0\u00bb text_font_size_phone=\u00a0\u00bb\u00a0\u00bb text_font_size_last_edited=\u00a0\u00bbon|desktop\u00a0\u00bb header_4_font_size_tablet=\u00a0\u00bb17px\u00a0\u00bb header_4_font_size_phone=\u00a0\u00bb17px\u00a0\u00bb header_4_font_size_last_edited=\u00a0\u00bbon|desktop\u00a0\u00bb saved_tabs=\u00a0\u00bball\u00a0\u00bb global_colors_info=\u00a0\u00bb{}\u00a0\u00bb]<\/p>\n<p style=\"font-weight: 400;\"><strong>Je prie pour que la nuit la plus longue et le jour le plus court apportent le repos \u00e0 votre esprit et \u00e0 votre \u00e2me. Puissiez-vous trouver des conseils, et puissiez-vous trouver la paix, alors que le cycle de la lumi\u00e8re va lentement augmenter. Embrassez la magie que l&rsquo;obscurit\u00e9 porte, respirez profond\u00e9ment dans le froid et le changement dans l&rsquo;air. Puissiez-vous toujours \u00eatre b\u00e9nis par la lumi\u00e8re de l&rsquo;int\u00e9rieur, et que le bien-\u00eatre soit v\u00f4tre alors que le nouveau cycle commence.<\/strong><\/p>\n<h5>\u200b<\/h5>\n<p>[\/et_pb_text][et_pb_text admin_label=\u00a0\u00bbCall to action\u00a0\u00bb _builder_version=\u00a0\u00bb4.19.4&Prime; _module_preset=\u00a0\u00bbdefault\u00a0\u00bb text_font=\u00a0\u00bb||||||||\u00a0\u00bb header_4_font=\u00a0\u00bbPoppins||on||||||\u00a0\u00bb header_4_font_size=\u00a0\u00bb17px\u00a0\u00bb header_4_line_height=\u00a0\u00bb1.8em\u00a0\u00bb header_5_font=\u00a0\u00bbPoppins|700|||||||\u00a0\u00bb header_5_font_size=\u00a0\u00bb17px\u00a0\u00bb header_5_line_height=\u00a0\u00bb2.1em\u00a0\u00bb custom_padding=\u00a0\u00bb||||false|false\u00a0\u00bb text_font_size_tablet=\u00a0\u00bb\u00a0\u00bb text_font_size_phone=\u00a0\u00bb\u00a0\u00bb text_font_size_last_edited=\u00a0\u00bbon|desktop\u00a0\u00bb header_4_font_size_tablet=\u00a0\u00bb17px\u00a0\u00bb header_4_font_size_phone=\u00a0\u00bb17px\u00a0\u00bb header_4_font_size_last_edited=\u00a0\u00bbon|desktop\u00a0\u00bb saved_tabs=\u00a0\u00bball\u00a0\u00bb global_colors_info=\u00a0\u00bb{}\u00a0\u00bb]<\/p>\n<p><a href=\"https:\/\/awakeningtouch.ca\/fr\/produit\/sagesses-des-saisons-roue-de-medecine-paienne\/\" target=\"_blank\" rel=\"noopener\"><strong>Procurez-vous le num\u00e9ro 3 de la publication <em>Esprit de la sorci\u00e8re<\/em>\u00a0pour apprendre les sagesses des saisons.<\/strong><\/a><\/p>\n<p>[\/et_pb_text][\/et_pb_column][\/et_pb_row][et_pb_row _builder_version=\u00a0\u00bb4.16&Prime; _module_preset=\u00a0\u00bbdefault\u00a0\u00bb global_colors_info=\u00a0\u00bb{}\u00a0\u00bb][et_pb_column type=\u00a0\u00bb4_4&Prime; _builder_version=\u00a0\u00bb4.16&Prime; _module_preset=\u00a0\u00bbdefault\u00a0\u00bb global_colors_info=\u00a0\u00bb{}\u00a0\u00bb][et_pb_comments show_avatar=\u00a0\u00bboff\u00a0\u00bb show_reply=\u00a0\u00bboff\u00a0\u00bb show_count=\u00a0\u00bboff\u00a0\u00bb _builder_version=\u00a0\u00bb4.16&Prime; _module_preset=\u00a0\u00bbdefault\u00a0\u00bb form_field_background_color=\u00a0\u00bbrgba(219,232,218,0.53)\u00a0\u00bb custom_button=\u00a0\u00bbon\u00a0\u00bb button_text_size=\u00a0\u00bb17px\u00a0\u00bb button_text_color=\u00a0\u00bb#ffffff\u00a0\u00bb button_bg_color=\u00a0\u00bb#003300&Prime; button_border_width=\u00a0\u00bb0px\u00a0\u00bb button_border_radius=\u00a0\u00bb100px\u00a0\u00bb button_font=\u00a0\u00bb|||on|||||\u00a0\u00bb button_use_icon=\u00a0\u00bboff\u00a0\u00bb button_alignment=\u00a0\u00bbleft\u00a0\u00bb button_bg_color_last_edited=\u00a0\u00bboff|desktop\u00a0\u00bb global_colors_info=\u00a0\u00bb{}\u00a0\u00bb button_bg_color__hover_enabled=\u00a0\u00bbon|desktop\u00a0\u00bb button_bg_color__hover=\u00a0\u00bb#6C9942&Prime; button_bg_enable_color__hover=\u00a0\u00bbon\u00a0\u00bb][\/et_pb_comments][et_pb_post_nav _builder_version=\u00a0\u00bb4.16&Prime; _module_preset=\u00a0\u00bbdefault\u00a0\u00bb title_font=\u00a0\u00bb|600||on|||||\u00a0\u00bb title_text_color=\u00a0\u00bb#6C9942&Prime; title_line_height=\u00a0\u00bb1.2em\u00a0\u00bb background_color=\u00a0\u00bbRGBA(0,0,0,0)\u00a0\u00bb global_colors_info=\u00a0\u00bb{}\u00a0\u00bb][\/et_pb_post_nav][\/et_pb_column][\/et_pb_row][\/et_pb_section]<\/p>\n","protected":false},"excerpt":{"rendered":"<p>Yule est une f\u00eate hivernale traditionnelle qui trouve ses racines dans les traditions pa\u00efennes des peuples germaniques, celles d&rsquo;Europe du Nord et des pa\u00efens modernes. Elle est marqu\u00e9e par le Solstice d&rsquo;hiver, la nuit la plus longue de l&rsquo;ann\u00e9e. La fa\u00e7on dont elle est c\u00e9l\u00e9br\u00e9e peut varier selon la tradition, mais il s&rsquo;agit essentiellement d&rsquo;une <a class=\"read-more-link\" href=\"https:\/\/awakeningtouch.ca\/fr\/yule-solstice-d-hiver\/\">Read More<\/a><\/p>\n","protected":false},"author":1,"featured_media":6328,"comment_status":"closed","ping_status":"open","sticky":false,"template":"","format":"standard","meta":{"_et_pb_use_builder":"on","_et_pb_old_content":"","_et_gb_content_width":"","_monsterinsights_skip_tracking":false,"_monsterinsights_sitenote_active":false,"_monsterinsights_sitenote_note":"","_monsterinsights_sitenote_category":0,"footnotes":""},"categories":[1711,80],"tags":[],"class_list":["post-6309","post","type-post","status-publish","format-standard","has-post-thumbnail","hentry","category-hiver","category-rituel"],"yoast_head":"<!-- This site is optimized with the Yoast SEO plugin v27.5 - https:\/\/yoast.com\/product\/yoast-seo-wordpress\/ -->\n<title>C\u00e9l\u00e9brer Yule Le Solstice d\u2019hiver I AwakeningTouch<\/title>\n<meta name=\"description\" content=\"Voici comment c\u00e9l\u00e9brer Yule, une f\u00eate hivernale traditionnelle marqu\u00e9e par le Solstice d\u2019hiver, la nuit la plus longue de l\u2019ann\u00e9e.\" \/>\n<meta name=\"robots\" content=\"index, follow, max-snippet:-1, max-image-preview:large, max-video-preview:-1\" \/>\n<link rel=\"canonical\" href=\"https:\/\/awakeningtouch.ca\/fr\/yule-solstice-d-hiver\/\" \/>\n<meta property=\"og:locale\" content=\"fr_FR\" \/>\n<meta property=\"og:type\" content=\"article\" \/>\n<meta property=\"og:title\" content=\"C\u00e9l\u00e9brer Yule Le Solstice d\u2019hiver I AwakeningTouch\" \/>\n<meta property=\"og:description\" content=\"Voici comment c\u00e9l\u00e9brer Yule, une f\u00eate hivernale traditionnelle marqu\u00e9e par le Solstice d\u2019hiver, la nuit la plus longue de l\u2019ann\u00e9e.\" \/>\n<meta property=\"og:url\" content=\"https:\/\/awakeningtouch.ca\/fr\/yule-solstice-d-hiver\/\" \/>\n<meta property=\"og:site_name\" content=\"Awakening Touch\" \/>\n<meta property=\"article:published_time\" content=\"2022-12-19T02:08:00+00:00\" \/>\n<meta property=\"article:modified_time\" content=\"2022-12-20T13:55:33+00:00\" \/>\n<meta property=\"og:image\" content=\"https:\/\/awakeningtouch.ca\/wp-content\/uploads\/2022\/12\/yule-winter-solstice-solstice-d-hiver-1-1.jpg\" \/>\n\t<meta property=\"og:image:width\" content=\"2560\" \/>\n\t<meta property=\"og:image:height\" content=\"1700\" \/>\n\t<meta property=\"og:image:type\" content=\"image\/jpeg\" \/>\n<meta name=\"author\" content=\"awake\" \/>\n<meta name=\"twitter:card\" content=\"summary_large_image\" \/>\n<meta name=\"twitter:image\" content=\"https:\/\/awakeningtouch.ca\/wp-content\/uploads\/2022\/12\/yule-winter-solstice-solstice-d-hiver-1-1.jpg\" \/>\n<meta name=\"twitter:label1\" content=\"\u00c9crit par\" \/>\n\t<meta name=\"twitter:data1\" content=\"awake\" \/>\n\t<meta name=\"twitter:label2\" content=\"Dur\u00e9e de lecture estim\u00e9e\" \/>\n\t<meta name=\"twitter:data2\" content=\"5 minutes\" \/>\n<script type=\"application\/ld+json\" class=\"yoast-schema-graph\">{\"@context\":\"https:\\\/\\\/schema.org\",\"@graph\":[{\"@type\":\"Article\",\"@id\":\"https:\\\/\\\/awakeningtouch.ca\\\/fr\\\/yule-solstice-d-hiver\\\/#article\",\"isPartOf\":{\"@id\":\"https:\\\/\\\/awakeningtouch.ca\\\/fr\\\/yule-solstice-d-hiver\\\/\"},\"author\":{\"name\":\"awake\",\"@id\":\"https:\\\/\\\/awakeningtouch.ca\\\/fr\\\/#\\\/schema\\\/person\\\/f42fbd9f3c010b2fcc8e177bd9147ef3\"},\"headline\":\"C\u00e9l\u00e9brer Yule, le Solstice d&rsquo;hiver\",\"datePublished\":\"2022-12-19T02:08:00+00:00\",\"dateModified\":\"2022-12-20T13:55:33+00:00\",\"mainEntityOfPage\":{\"@id\":\"https:\\\/\\\/awakeningtouch.ca\\\/fr\\\/yule-solstice-d-hiver\\\/\"},\"wordCount\":1831,\"image\":{\"@id\":\"https:\\\/\\\/awakeningtouch.ca\\\/fr\\\/yule-solstice-d-hiver\\\/#primaryimage\"},\"thumbnailUrl\":\"https:\\\/\\\/awakeningtouch.ca\\\/wp-content\\\/uploads\\\/2022\\\/12\\\/yule-winter-solstice-solstice-d-hiver-1-1.jpg\",\"articleSection\":[\"Hiver\",\"Rituel\"],\"inLanguage\":\"fr-FR\"},{\"@type\":\"WebPage\",\"@id\":\"https:\\\/\\\/awakeningtouch.ca\\\/fr\\\/yule-solstice-d-hiver\\\/\",\"url\":\"https:\\\/\\\/awakeningtouch.ca\\\/fr\\\/yule-solstice-d-hiver\\\/\",\"name\":\"C\u00e9l\u00e9brer Yule Le Solstice d\u2019hiver I AwakeningTouch\",\"isPartOf\":{\"@id\":\"https:\\\/\\\/awakeningtouch.ca\\\/fr\\\/#website\"},\"primaryImageOfPage\":{\"@id\":\"https:\\\/\\\/awakeningtouch.ca\\\/fr\\\/yule-solstice-d-hiver\\\/#primaryimage\"},\"image\":{\"@id\":\"https:\\\/\\\/awakeningtouch.ca\\\/fr\\\/yule-solstice-d-hiver\\\/#primaryimage\"},\"thumbnailUrl\":\"https:\\\/\\\/awakeningtouch.ca\\\/wp-content\\\/uploads\\\/2022\\\/12\\\/yule-winter-solstice-solstice-d-hiver-1-1.jpg\",\"datePublished\":\"2022-12-19T02:08:00+00:00\",\"dateModified\":\"2022-12-20T13:55:33+00:00\",\"author\":{\"@id\":\"https:\\\/\\\/awakeningtouch.ca\\\/fr\\\/#\\\/schema\\\/person\\\/f42fbd9f3c010b2fcc8e177bd9147ef3\"},\"description\":\"Voici comment c\u00e9l\u00e9brer Yule, une f\u00eate hivernale traditionnelle marqu\u00e9e par le Solstice d\u2019hiver, la nuit la plus longue de l\u2019ann\u00e9e.\",\"breadcrumb\":{\"@id\":\"https:\\\/\\\/awakeningtouch.ca\\\/fr\\\/yule-solstice-d-hiver\\\/#breadcrumb\"},\"inLanguage\":\"fr-FR\",\"potentialAction\":[{\"@type\":\"ReadAction\",\"target\":[\"https:\\\/\\\/awakeningtouch.ca\\\/fr\\\/yule-solstice-d-hiver\\\/\"]}]},{\"@type\":\"ImageObject\",\"inLanguage\":\"fr-FR\",\"@id\":\"https:\\\/\\\/awakeningtouch.ca\\\/fr\\\/yule-solstice-d-hiver\\\/#primaryimage\",\"url\":\"https:\\\/\\\/awakeningtouch.ca\\\/wp-content\\\/uploads\\\/2022\\\/12\\\/yule-winter-solstice-solstice-d-hiver-1-1.jpg\",\"contentUrl\":\"https:\\\/\\\/awakeningtouch.ca\\\/wp-content\\\/uploads\\\/2022\\\/12\\\/yule-winter-solstice-solstice-d-hiver-1-1.jpg\",\"width\":2560,\"height\":1700},{\"@type\":\"BreadcrumbList\",\"@id\":\"https:\\\/\\\/awakeningtouch.ca\\\/fr\\\/yule-solstice-d-hiver\\\/#breadcrumb\",\"itemListElement\":[{\"@type\":\"ListItem\",\"position\":1,\"name\":\"Accueil\",\"item\":\"https:\\\/\\\/awakeningtouch.ca\\\/fr\\\/\"},{\"@type\":\"ListItem\",\"position\":2,\"name\":\"C\u00e9l\u00e9brer Yule, le Solstice d&#8217;hiver\"}]},{\"@type\":\"WebSite\",\"@id\":\"https:\\\/\\\/awakeningtouch.ca\\\/fr\\\/#website\",\"url\":\"https:\\\/\\\/awakeningtouch.ca\\\/fr\\\/\",\"name\":\"Awakening Touch\",\"description\":\"\",\"potentialAction\":[{\"@type\":\"SearchAction\",\"target\":{\"@type\":\"EntryPoint\",\"urlTemplate\":\"https:\\\/\\\/awakeningtouch.ca\\\/fr\\\/?s={search_term_string}\"},\"query-input\":{\"@type\":\"PropertyValueSpecification\",\"valueRequired\":true,\"valueName\":\"search_term_string\"}}],\"inLanguage\":\"fr-FR\"},{\"@type\":\"Person\",\"@id\":\"https:\\\/\\\/awakeningtouch.ca\\\/fr\\\/#\\\/schema\\\/person\\\/f42fbd9f3c010b2fcc8e177bd9147ef3\",\"name\":\"awake\",\"image\":{\"@type\":\"ImageObject\",\"inLanguage\":\"fr-FR\",\"@id\":\"https:\\\/\\\/secure.gravatar.com\\\/avatar\\\/51e9737cb762246c76f8671fd86fc71bfaf18ea686a3e4ace2e14d2cb451c658?s=96&d=mm&r=g\",\"url\":\"https:\\\/\\\/secure.gravatar.com\\\/avatar\\\/51e9737cb762246c76f8671fd86fc71bfaf18ea686a3e4ace2e14d2cb451c658?s=96&d=mm&r=g\",\"contentUrl\":\"https:\\\/\\\/secure.gravatar.com\\\/avatar\\\/51e9737cb762246c76f8671fd86fc71bfaf18ea686a3e4ace2e14d2cb451c658?s=96&d=mm&r=g\",\"caption\":\"awake\"},\"sameAs\":[\"https:\\\/\\\/awakeningtouch.ca\"],\"url\":\"https:\\\/\\\/awakeningtouch.ca\\\/fr\\\/author\\\/awake\\\/\"}]}<\/script>\n<!-- \/ Yoast SEO plugin. -->","yoast_head_json":{"title":"C\u00e9l\u00e9brer Yule Le Solstice d\u2019hiver I AwakeningTouch","description":"Voici comment c\u00e9l\u00e9brer Yule, une f\u00eate hivernale traditionnelle marqu\u00e9e par le Solstice d\u2019hiver, la nuit la plus longue de l\u2019ann\u00e9e.","robots":{"index":"index","follow":"follow","max-snippet":"max-snippet:-1","max-image-preview":"max-image-preview:large","max-video-preview":"max-video-preview:-1"},"canonical":"https:\/\/awakeningtouch.ca\/fr\/yule-solstice-d-hiver\/","og_locale":"fr_FR","og_type":"article","og_title":"C\u00e9l\u00e9brer Yule Le Solstice d\u2019hiver I AwakeningTouch","og_description":"Voici comment c\u00e9l\u00e9brer Yule, une f\u00eate hivernale traditionnelle marqu\u00e9e par le Solstice d\u2019hiver, la nuit la plus longue de l\u2019ann\u00e9e.","og_url":"https:\/\/awakeningtouch.ca\/fr\/yule-solstice-d-hiver\/","og_site_name":"Awakening Touch","article_published_time":"2022-12-19T02:08:00+00:00","article_modified_time":"2022-12-20T13:55:33+00:00","og_image":[{"width":2560,"height":1700,"url":"https:\/\/awakeningtouch.ca\/wp-content\/uploads\/2022\/12\/yule-winter-solstice-solstice-d-hiver-1-1.jpg","type":"image\/jpeg"}],"author":"awake","twitter_card":"summary_large_image","twitter_image":"https:\/\/awakeningtouch.ca\/wp-content\/uploads\/2022\/12\/yule-winter-solstice-solstice-d-hiver-1-1.jpg","twitter_misc":{"\u00c9crit par":"awake","Dur\u00e9e de lecture estim\u00e9e":"5 minutes"},"schema":{"@context":"https:\/\/schema.org","@graph":[{"@type":"Article","@id":"https:\/\/awakeningtouch.ca\/fr\/yule-solstice-d-hiver\/#article","isPartOf":{"@id":"https:\/\/awakeningtouch.ca\/fr\/yule-solstice-d-hiver\/"},"author":{"name":"awake","@id":"https:\/\/awakeningtouch.ca\/fr\/#\/schema\/person\/f42fbd9f3c010b2fcc8e177bd9147ef3"},"headline":"C\u00e9l\u00e9brer Yule, le Solstice d&rsquo;hiver","datePublished":"2022-12-19T02:08:00+00:00","dateModified":"2022-12-20T13:55:33+00:00","mainEntityOfPage":{"@id":"https:\/\/awakeningtouch.ca\/fr\/yule-solstice-d-hiver\/"},"wordCount":1831,"image":{"@id":"https:\/\/awakeningtouch.ca\/fr\/yule-solstice-d-hiver\/#primaryimage"},"thumbnailUrl":"https:\/\/awakeningtouch.ca\/wp-content\/uploads\/2022\/12\/yule-winter-solstice-solstice-d-hiver-1-1.jpg","articleSection":["Hiver","Rituel"],"inLanguage":"fr-FR"},{"@type":"WebPage","@id":"https:\/\/awakeningtouch.ca\/fr\/yule-solstice-d-hiver\/","url":"https:\/\/awakeningtouch.ca\/fr\/yule-solstice-d-hiver\/","name":"C\u00e9l\u00e9brer Yule Le Solstice d\u2019hiver I AwakeningTouch","isPartOf":{"@id":"https:\/\/awakeningtouch.ca\/fr\/#website"},"primaryImageOfPage":{"@id":"https:\/\/awakeningtouch.ca\/fr\/yule-solstice-d-hiver\/#primaryimage"},"image":{"@id":"https:\/\/awakeningtouch.ca\/fr\/yule-solstice-d-hiver\/#primaryimage"},"thumbnailUrl":"https:\/\/awakeningtouch.ca\/wp-content\/uploads\/2022\/12\/yule-winter-solstice-solstice-d-hiver-1-1.jpg","datePublished":"2022-12-19T02:08:00+00:00","dateModified":"2022-12-20T13:55:33+00:00","author":{"@id":"https:\/\/awakeningtouch.ca\/fr\/#\/schema\/person\/f42fbd9f3c010b2fcc8e177bd9147ef3"},"description":"Voici comment c\u00e9l\u00e9brer Yule, une f\u00eate hivernale traditionnelle marqu\u00e9e par le Solstice d\u2019hiver, la nuit la plus longue de l\u2019ann\u00e9e.","breadcrumb":{"@id":"https:\/\/awakeningtouch.ca\/fr\/yule-solstice-d-hiver\/#breadcrumb"},"inLanguage":"fr-FR","potentialAction":[{"@type":"ReadAction","target":["https:\/\/awakeningtouch.ca\/fr\/yule-solstice-d-hiver\/"]}]},{"@type":"ImageObject","inLanguage":"fr-FR","@id":"https:\/\/awakeningtouch.ca\/fr\/yule-solstice-d-hiver\/#primaryimage","url":"https:\/\/awakeningtouch.ca\/wp-content\/uploads\/2022\/12\/yule-winter-solstice-solstice-d-hiver-1-1.jpg","contentUrl":"https:\/\/awakeningtouch.ca\/wp-content\/uploads\/2022\/12\/yule-winter-solstice-solstice-d-hiver-1-1.jpg","width":2560,"height":1700},{"@type":"BreadcrumbList","@id":"https:\/\/awakeningtouch.ca\/fr\/yule-solstice-d-hiver\/#breadcrumb","itemListElement":[{"@type":"ListItem","position":1,"name":"Accueil","item":"https:\/\/awakeningtouch.ca\/fr\/"},{"@type":"ListItem","position":2,"name":"C\u00e9l\u00e9brer Yule, le Solstice d&#8217;hiver"}]},{"@type":"WebSite","@id":"https:\/\/awakeningtouch.ca\/fr\/#website","url":"https:\/\/awakeningtouch.ca\/fr\/","name":"Awakening Touch","description":"","potentialAction":[{"@type":"SearchAction","target":{"@type":"EntryPoint","urlTemplate":"https:\/\/awakeningtouch.ca\/fr\/?s={search_term_string}"},"query-input":{"@type":"PropertyValueSpecification","valueRequired":true,"valueName":"search_term_string"}}],"inLanguage":"fr-FR"},{"@type":"Person","@id":"https:\/\/awakeningtouch.ca\/fr\/#\/schema\/person\/f42fbd9f3c010b2fcc8e177bd9147ef3","name":"awake","image":{"@type":"ImageObject","inLanguage":"fr-FR","@id":"https:\/\/secure.gravatar.com\/avatar\/51e9737cb762246c76f8671fd86fc71bfaf18ea686a3e4ace2e14d2cb451c658?s=96&d=mm&r=g","url":"https:\/\/secure.gravatar.com\/avatar\/51e9737cb762246c76f8671fd86fc71bfaf18ea686a3e4ace2e14d2cb451c658?s=96&d=mm&r=g","contentUrl":"https:\/\/secure.gravatar.com\/avatar\/51e9737cb762246c76f8671fd86fc71bfaf18ea686a3e4ace2e14d2cb451c658?s=96&d=mm&r=g","caption":"awake"},"sameAs":["https:\/\/awakeningtouch.ca"],"url":"https:\/\/awakeningtouch.ca\/fr\/author\/awake\/"}]}},"_links":{"self":[{"href":"https:\/\/awakeningtouch.ca\/fr\/wp-json\/wp\/v2\/posts\/6309","targetHints":{"allow":["GET"]}}],"collection":[{"href":"https:\/\/awakeningtouch.ca\/fr\/wp-json\/wp\/v2\/posts"}],"about":[{"href":"https:\/\/awakeningtouch.ca\/fr\/wp-json\/wp\/v2\/types\/post"}],"author":[{"embeddable":true,"href":"https:\/\/awakeningtouch.ca\/fr\/wp-json\/wp\/v2\/users\/1"}],"replies":[{"embeddable":true,"href":"https:\/\/awakeningtouch.ca\/fr\/wp-json\/wp\/v2\/comments?post=6309"}],"version-history":[{"count":5,"href":"https:\/\/awakeningtouch.ca\/fr\/wp-json\/wp\/v2\/posts\/6309\/revisions"}],"predecessor-version":[{"id":6397,"href":"https:\/\/awakeningtouch.ca\/fr\/wp-json\/wp\/v2\/posts\/6309\/revisions\/6397"}],"wp:featuredmedia":[{"embeddable":true,"href":"https:\/\/awakeningtouch.ca\/fr\/wp-json\/wp\/v2\/media\/6328"}],"wp:attachment":[{"href":"https:\/\/awakeningtouch.ca\/fr\/wp-json\/wp\/v2\/media?parent=6309"}],"wp:term":[{"taxonomy":"category","embeddable":true,"href":"https:\/\/awakeningtouch.ca\/fr\/wp-json\/wp\/v2\/categories?post=6309"},{"taxonomy":"post_tag","embeddable":true,"href":"https:\/\/awakeningtouch.ca\/fr\/wp-json\/wp\/v2\/tags?post=6309"}],"curies":[{"name":"wp","href":"https:\/\/api.w.org\/{rel}","templated":true}]}}